{"id":2375,"date":"2026-08-12T08:08:00","date_gmt":"2026-08-12T08:08:00","guid":{"rendered":"https:\/\/evrenkaya.com.tr\/?p=2375"},"modified":"2026-08-12T08:11:06","modified_gmt":"2026-08-12T08:11:06","slug":"evrenkaya-yumurta-surdurulebilirlik-450-fidan","status":"publish","type":"post","link":"https:\/\/evrenkaya.com.tr\/ru\/evrenkaya-yumurta-surdurulebilirlik-450-fidan\/","title":{"rendered":"Evrenkaya Yumurta S\u00fcrd\u00fcr\u00fclebilirlik Ad\u0131m\u0131: Fabrika \u00c7evresine 450 Fidan Dikildi"},"content":{"rendered":"<p class=\"wp-block-paragraph\"><strong>Evrenkaya Yumurta <a href=\"https:\/\/evrenkaya.com.tr\/ru\/surdurulebilirlilik\/\" data-type=\"link\" data-id=\"https:\/\/evrenkaya.com.tr\/surdurulebilirlilik\/\">s\u00fcrd\u00fcr\u00fclebilirlik<\/a><\/strong> vizyonu kapsam\u0131nda fabrika \u00e7evresine 450 adet fidan dikerek \u00e7evreye duyarl\u0131 \u00fcretim anlay\u0131\u015f\u0131n\u0131 bir kez daha somutla\u015ft\u0131rd\u0131. Bu ad\u0131m, \u015firketin karbon ayak izini azaltma ve gelecek nesillere daha ya\u015fanabilir bir \u00e7evre b\u0131rakma hedeflerinin \u00f6nemli bir par\u00e7as\u0131 oldu.<\/p>\n\n\n\n<p class=\"wp-block-paragraph\">Evrenkaya Yumurta olarak, \u00fcretimimizi sadece bug\u00fcne de\u011fil gelece\u011fe de emanet ediyoruz. Bu sorumluluk bilinciyle, fabrikam\u0131z\u0131n \u00e7evresine <strong>450 adet fidan<\/strong> dikerek s\u00fcrd\u00fcr\u00fclebilirlik yolculu\u011fumuzda \u00f6nemli bir ad\u0131m daha att\u0131k. Yumurta \u00fcretiminde kaliteyi ve g\u00fcveni \u00f6n planda tutarken, do\u011faya olan sorumlulu\u011fumuzu da her ge\u00e7en g\u00fcn b\u00fcy\u00fctmeye devam ediyoruz.<\/p>\n\n\n\n<h2 class=\"wp-block-heading\">Evrenkaya Yumurta S\u00fcrd\u00fcr\u00fclebilirlik Hedefleri Neler?<\/h2>\n\n\n\n<p class=\"wp-block-paragraph\">G\u0131da \u00fcretiminde s\u00fcrd\u00fcr\u00fclebilirlik, yaln\u0131zca \u00fcretim s\u00fcre\u00e7leriyle s\u0131n\u0131rl\u0131 kalmamal\u0131; \u00fcretim yapt\u0131\u011f\u0131m\u0131z \u00e7evreye de de\u011fer katmal\u0131d\u0131r. Bu bilin\u00e7le \u015fekillenen Evrenkaya Yumurta s\u00fcrd\u00fcr\u00fclebilirlik stratejisi, fabrika alan\u0131n\u0131n \u00e7evresine dikilen fidanlarla somut bir kar\u015f\u0131l\u0131k buluyor. Bu kapsamda:<\/p>\n\n\n\n<ul class=\"wp-block-list\">\n<li>Karbon ayak izini azaltmay\u0131,<\/li>\n\n\n\n<li>B\u00f6lgenin ye\u015fil dokusunu g\u00fc\u00e7lendirmeyi,<\/li>\n\n\n\n<li>Gelecek nesillere daha ya\u015fanabilir bir \u00e7evre b\u0131rakmay\u0131,<\/li>\n\n\n\n<li>Do\u011fal ekosisteme ve biyo\u00e7e\u015fitlili\u011fe katk\u0131 sa\u011flamay\u0131,<\/li>\n\n\n\n<li>Yerel iklim dengesine ve toprak kalitesine olumlu katk\u0131 sunmay\u0131<\/li>\n<\/ul>\n\n\n\n<p class=\"wp-block-paragraph\">hedefliyoruz. Dikilen her fidan, uzun vadede hem \u00fcretim tesisinin \u00e7evresel etkisini dengeleme hem de b\u00f6lge halk\u0131na daha ye\u015fil bir ya\u015fam alan\u0131 sunma amac\u0131 ta\u015f\u0131yor.<\/p>\n\n\n\n<h2 class=\"wp-block-heading\">Neden Fidan Dikimi Tercih Edildi?<\/h2>\n\n\n\n<p class=\"wp-block-paragraph\">Fidan dikimi, s\u00fcrd\u00fcr\u00fclebilirlik \u00e7al\u0131\u015fmalar\u0131 aras\u0131nda en somut ve \u00f6l\u00e7\u00fclebilir etkiye sahip uygulamalardan biridir. A\u011fa\u00e7lar b\u00fcy\u00fcd\u00fck\u00e7e atmosferden karbon emerek karbon ayak izinin dengelenmesine katk\u0131 sa\u011flar, toprak erozyonunu azalt\u0131r ve b\u00f6lgedeki canl\u0131 \u00e7e\u015fitlili\u011fini destekler. Evrenkaya Yumurta, bu bilin\u00e7le fabrika \u00e7evresini ye\u015fillendirerek hem \u00fcretim tesisinin \u00e7evresel ayak izini k\u00fc\u00e7\u00fcltmeyi hem de yerel ekosisteme uzun vadeli bir katk\u0131 sa\u011flamay\u0131 ama\u00e7l\u0131yor.<\/p>\n\n\n\n<h2 class=\"wp-block-heading\">S\u00fcrd\u00fcr\u00fclebilirlik, Bizim \u0130\u00e7in Bir S\u00f6ylem De\u011fil, Bir Sorumluluk<\/h2>\n\n\n\n<p class=\"wp-block-paragraph\">Evrenkaya Yumurta olarak, kaliteli ve g\u00fcvenilir g\u0131da \u00fcretiminin ancak sa\u011fl\u0131kl\u0131 bir \u00e7evrede m\u00fcmk\u00fcn oldu\u011funa inan\u0131yoruz. Bu nedenle fidan dikim \u00e7al\u0131\u015fmam\u0131z, uzun vadeli Evrenkaya Yumurta s\u00fcrd\u00fcr\u00fclebilirlik vizyonumuzun sadece bir par\u00e7as\u0131. \u00d6n\u00fcm\u00fczdeki d\u00f6nemde de \u00e7evreye duyarl\u0131 \u00fcretim anlay\u0131\u015f\u0131m\u0131z\u0131 geli\u015ftirecek yeni ad\u0131mlar atmaya devam edece\u011fiz. Enerji verimlili\u011fi, at\u0131k y\u00f6netimi ve do\u011fal kaynaklar\u0131n bilin\u00e7li kullan\u0131m\u0131 gibi konularda da sorumlulu\u011fumuzu s\u00fcrd\u00fcrmeyi hedefliyoruz.<\/p>\n\n\n\n<figure class=\"wp-block-gallery has-nested-images columns-default is-cropped wp-block-gallery-1 is-layout-flex wp-block-gallery-is-layout-flex\">\n<figure class=\"wp-block-image size-large\"><img fetchpriority=\"high\" decoding=\"async\" width=\"767\" height=\"1024\" data-id=\"2377\" src=\"https:\/\/evrenkaya.com.tr\/wp-content\/uploads\/2026\/08\/WhatsApp-Image-2026-07-31-at-19.06.59-2-767x1024.jpeg\" alt=\"Evrenkaya Yumurta s\u00fcrd\u00fcr\u00fclebilirlik\" class=\"wp-image-2377\" srcset=\"https:\/\/evrenkaya.com.tr\/wp-content\/uploads\/2026\/08\/WhatsApp-Image-2026-07-31-at-19.06.59-2-767x1024.jpeg 767w, https:\/\/evrenkaya.com.tr\/wp-content\/uploads\/2026\/08\/WhatsApp-Image-2026-07-31-at-19.06.59-2-225x300.jpeg 225w, https:\/\/evrenkaya.com.tr\/wp-content\/uploads\/2026\/08\/WhatsApp-Image-2026-07-31-at-19.06.59-2-768x1025.jpeg 768w, https:\/\/evrenkaya.com.tr\/wp-content\/uploads\/2026\/08\/WhatsApp-Image-2026-07-31-at-19.06.59-2-1151x1536.jpeg 1151w, https:\/\/evrenkaya.com.tr\/wp-content\/uploads\/2026\/08\/WhatsApp-Image-2026-07-31-at-19.06.59-2-9x12.jpeg 9w, https:\/\/evrenkaya.com.tr\/wp-content\/uploads\/2026\/08\/WhatsApp-Image-2026-07-31-at-19.06.59-2-570x761.jpeg 570w, https:\/\/evrenkaya.com.tr\/wp-content\/uploads\/2026\/08\/WhatsApp-Image-2026-07-31-at-19.06.59-2.jpeg 1199w\" sizes=\"(max-width: 767px) 100vw, 767px\" \/><\/figure>\n<\/figure>\n\n\n\n<blockquote class=\"wp-block-quote is-layout-flow wp-block-quote-is-layout-flow\">\n<p class=\"wp-block-paragraph\"><em>Evrenkaya Yumurta, s\u00fcrd\u00fcr\u00fclebilir \u00fcretim anlay\u0131\u015f\u0131yla sekt\u00f6r\u00fcnde fark yaratmaya devam ediyor.<br><\/em><\/p>\n<\/blockquote>\n\n\n\n<h2 class=\"wp-block-heading\">Fidan Dikimi Nas\u0131l Ger\u00e7ekle\u015ftirildi?<\/h2>\n\n\n\n<p class=\"wp-block-paragraph\">450 fidanl\u0131k dikim \u00e7al\u0131\u015fmas\u0131, fabrika \u00e7evresindeki uygun alanlarda, <a href=\"https:\/\/www.afyon.bel.tr\/idet\/6\/6\/iklim\" target=\"_blank\" data-type=\"link\" data-id=\"https:\/\/www.afyon.bel.tr\/idet\/6\/6\/iklim\" rel=\"noreferrer noopener\">b\u00f6lgenin iklim ko\u015fullar\u0131na<\/a> uygun t\u00fcrler tercih edilerek planl\u0131 bir \u015fekilde y\u00fcr\u00fct\u00fcld\u00fc. Ekip, dikim \u00f6ncesinde toprak yap\u0131s\u0131n\u0131 de\u011ferlendirdi ve fidanlar\u0131n sa\u011fl\u0131kl\u0131 \u015fekilde k\u00f6k salabilmesi i\u00e7in gerekli d\u00fczenlemeleri yapt\u0131. Dikim sonras\u0131nda fidanlar\u0131n d\u00fczenli sulama ve bak\u0131m program\u0131yla takip edilmesi planlan\u0131yor; bu sayede yat\u0131r\u0131m\u0131n uzun vadeli bir \u00e7evresel katk\u0131ya d\u00f6n\u00fc\u015fmesi hedefleniyor.<\/p>\n\n\n\n<h2 class=\"wp-block-heading\">Yerel Topluma ve B\u00f6lgeye Katk\u0131s\u0131<\/h2>\n\n\n\n<p class=\"wp-block-paragraph\">Fabrika \u00e7evresinin ye\u015fillendirilmesi yaln\u0131zca \u00e7evresel de\u011fil, sosyal a\u00e7\u0131dan da bir de\u011fer ta\u015f\u0131yor. Ye\u015fil alanlar\u0131n artmas\u0131, b\u00f6lgede ya\u015fayan halk i\u00e7in daha temiz bir hava kalitesi ve daha ya\u015fanabilir bir \u00e7evre anlam\u0131na geliyor. Evrenkaya Yumurta, bu t\u00fcr projelerle hem \u00fcretim faaliyetlerinin \u00e7evresel etkisini azaltmay\u0131 hem de faaliyet g\u00f6sterdi\u011fi b\u00f6lgeye de\u011fer katmay\u0131 \u00f6nemli bir \u00f6ncelik olarak g\u00f6r\u00fcyor.<\/p>\n\n\n\n<h2 class=\"wp-block-heading\">Gelece\u011fe Ye\u015fil Bir Miras<\/h2>\n\n\n\n<p class=\"wp-block-paragraph\">Bug\u00fcn toprakla bulu\u015fan her fidan, yar\u0131n\u0131n daha ye\u015fil bir \u00e7evresi i\u00e7in att\u0131\u011f\u0131m\u0131z bir imza niteli\u011finde. Evrenkaya Yumurta ailesi olarak, hem sofralar\u0131n\u0131za g\u00fcvenilir g\u0131da ula\u015ft\u0131rmaya hem de ya\u015fad\u0131\u011f\u0131m\u0131z d\u00fcnyaya de\u011fer katmaya devam edece\u011fiz. S\u00fcrd\u00fcr\u00fclebilir \u00fcretim, bizim i\u00e7in k\u0131sa vadeli bir kampanya de\u011fil, \u015firket k\u00fclt\u00fcr\u00fcm\u00fcz\u00fcn ayr\u0131lmaz bir par\u00e7as\u0131d\u0131r. Evrenkaya Yumurta s\u00fcrd\u00fcr\u00fclebilirlik yolculu\u011funda at\u0131lan bu ad\u0131m\u0131n, \u00f6n\u00fcm\u00fczdeki d\u00f6nemde daha b\u00fcy\u00fck \u00e7evre projeleriyle desteklenece\u011fini de belirtmek isteriz.<\/p>\n\n\n\n<h2 class=\"wp-block-heading\">\u0427\u0430\u0441\u0442\u043e \u0437\u0430\u0434\u0430\u0432\u0430\u0435\u043c\u044b\u0435 \u0432\u043e\u043f\u0440\u043e\u0441\u044b<\/h2>\n\n\n\n<p class=\"wp-block-paragraph\"><strong>Evrenkaya Yumurta ka\u00e7 fidan dikti?<\/strong> Evrenkaya Yumurta, fabrika \u00e7evresine toplam 450 adet fidan dikti.<\/p>\n\n\n\n<p class=\"wp-block-paragraph\"><strong>Bu fidan dikimi neden yap\u0131ld\u0131?<\/strong> Fidan dikimi, Evrenkaya Yumurta s\u00fcrd\u00fcr\u00fclebilirlik stratejisi kapsam\u0131nda karbon ayak izini azaltmak ve \u00e7evreye katk\u0131 sa\u011flamak amac\u0131yla ger\u00e7ekle\u015ftirildi.<\/p>\n\n\n\n<p class=\"wp-block-paragraph\"><strong>Evrenkaya Yumurta&#8217;n\u0131n s\u00fcrd\u00fcr\u00fclebilirlik hedefleri neler?<\/strong> \u015eirket; karbon ayak izini azaltmay\u0131, b\u00f6lgenin ye\u015fil dokusunu g\u00fc\u00e7lendirmeyi, biyo\u00e7e\u015fitlili\u011fe katk\u0131 sa\u011flamay\u0131 ve gelecek nesillere daha ya\u015fanabilir bir \u00e7evre b\u0131rakmay\u0131 hedefliyor.<\/p>\n\n\n\n<p class=\"wp-block-paragraph\"><strong>Fidan dikimi \u00fcretim s\u00fcrecine nas\u0131l katk\u0131 sa\u011flar?<\/strong> Fidanlar b\u00fcy\u00fcd\u00fck\u00e7e karbon emilimine katk\u0131 sa\u011flar, toprak kalitesini korur ve fabrika \u00e7evresindeki ekosistemi destekleyerek \u00fcretimin \u00e7evresel etkisini dengeler.<\/p>","protected":false},"excerpt":{"rendered":"<p>Evrenkaya Yumurta s\u00fcrd\u00fcr\u00fclebilirlik vizyonu kapsam\u0131nda fabrika \u00e7evresine 450 adet fidan dikerek \u00e7evreye duyarl\u0131 \u00fcretim anlay\u0131\u015f\u0131n\u0131 bir kez daha somutla\u015ft\u0131rd\u0131. Bu ad\u0131m, \u015firketin karbon ayak izini azaltma ve gelecek nesillere daha ya\u015fanabilir bir \u00e7evre b\u0131rakma hedeflerinin \u00f6nemli bir par\u00e7as\u0131 oldu. Evrenkaya Yumurta olarak, \u00fcretimimizi sadece bug\u00fcne de\u011fil gelece\u011fe de emanet ediyoruz. Bu sorumluluk bilinciyle, fabrikam\u0131z\u0131n \u00e7evresine [&hellip;]<\/p>\n","protected":false},"author":1,"featured_media":2376,"comment_status":"closed","ping_status":"closed","sticky":false,"template":"","format":"standard","meta":{"footnotes":""},"categories":[74,75],"tags":[],"class_list":["post-2375","post","type-post","status-publish","format-standard","has-post-thumbnail","hentry","category-sosyal-sorumluluk","category-surdurulebilirlik"],"_links":{"self":[{"href":"https:\/\/evrenkaya.com.tr\/ru\/wp-json\/wp\/v2\/posts\/2375","targetHints":{"allow":["GET"]}}],"collection":[{"href":"https:\/\/evrenkaya.com.tr\/ru\/wp-json\/wp\/v2\/posts"}],"about":[{"href":"https:\/\/evrenkaya.com.tr\/ru\/wp-json\/wp\/v2\/types\/post"}],"author":[{"embeddable":true,"href":"https:\/\/evrenkaya.com.tr\/ru\/wp-json\/wp\/v2\/users\/1"}],"replies":[{"embeddable":true,"href":"https:\/\/evrenkaya.com.tr\/ru\/wp-json\/wp\/v2\/comments?post=2375"}],"version-history":[{"count":1,"href":"https:\/\/evrenkaya.com.tr\/ru\/wp-json\/wp\/v2\/posts\/2375\/revisions"}],"predecessor-version":[{"id":2379,"href":"https:\/\/evrenkaya.com.tr\/ru\/wp-json\/wp\/v2\/posts\/2375\/revisions\/2379"}],"wp:featuredmedia":[{"embeddable":true,"href":"https:\/\/evrenkaya.com.tr\/ru\/wp-json\/wp\/v2\/media\/2376"}],"wp:attachment":[{"href":"https:\/\/evrenkaya.com.tr\/ru\/wp-json\/wp\/v2\/media?parent=2375"}],"wp:term":[{"taxonomy":"category","embeddable":true,"href":"https:\/\/evrenkaya.com.tr\/ru\/wp-json\/wp\/v2\/categories?post=2375"},{"taxonomy":"post_tag","embeddable":true,"href":"https:\/\/evrenkaya.com.tr\/ru\/wp-json\/wp\/v2\/tags?post=2375"}],"curies":[{"name":"wp","href":"https:\/\/api.w.org\/{rel}","templated":true}]}}