{"id":2369,"date":"2026-06-15T09:44:23","date_gmt":"2026-06-15T09:44:23","guid":{"rendered":"https:\/\/evrenkaya.com.tr\/?p=2369"},"modified":"2026-06-15T09:44:25","modified_gmt":"2026-06-15T09:44:25","slug":"sosyal-sorumluluk-tavukculuk-evrenkaya-gida","status":"publish","type":"post","link":"https:\/\/evrenkaya.com.tr\/ru\/sosyal-sorumluluk-tavukculuk-evrenkaya-gida\/","title":{"rendered":"Sosyal Sorumlulukta \u00d6nc\u00fc Bir Yumurta \u00dcreticisi: Evrenkaya Yumurta&#8217;ya Resmi Te\u015fekk\u00fcr"},"content":{"rendered":"<p class=\"wp-block-paragraph\">Tar\u0131m ve hayvanc\u0131l\u0131k sekt\u00f6r\u00fcnde sosyal sorumluluk kavram\u0131, art\u0131k yaln\u0131zca \u00fcretim kalitesini de\u011fil; topluma katk\u0131y\u0131, kurumsal dayan\u0131\u015fmay\u0131 ve yerel de\u011ferlere sahip \u00e7\u0131kmay\u0131 da kaps\u0131yor. Afyonkarahisar&#8217;\u0131n k\u00f6kl\u00fc yumurta ve tavuk\u00e7uluk \u00fcreticilerinden\u00a0<strong>Evrenkaya Yumurta (Ya\u015far Tavuk\u00e7uluk Yem Ve \u0130n\u015faat San. Tic. Ltd. \u015eti.)<\/strong> bu anlay\u0131\u015f\u0131n somut bir \u00f6rne\u011fini ortaya koydu.<\/p>\n\n\n\n<h2 class=\"wp-block-heading\">Tar\u0131m \u0130l M\u00fcd\u00fcrl\u00fc\u011f\u00fc&#8217;nden Te\u015fekk\u00fcr Belgesi<br><\/h2>\n\n\n\n<p class=\"wp-block-paragraph\">Afyonkarahisar Tar\u0131m ve Orman \u0130l M\u00fcd\u00fcrl\u00fc\u011f\u00fc, il m\u00fcd\u00fcrl\u00fc\u011f\u00fc b\u00fcnyesinde ger\u00e7ekle\u015ftirilen\u00a0<em>&#8220;Sosyal Sorumluluk Projeleri&#8221;<\/em>ne sa\u011flanan katk\u0131lar nedeniyle Evrenkaya G\u0131da ve Tavuk\u00e7uluk \u00dcr\u00fcnleri&#8217;ne resmi bir\u00a0<strong>Te\u015fekk\u00fcr Belgesi<\/strong>\u00a0takdim etti. Belgeyi bizzat teslim eden Afyonkarahisar Tar\u0131m ve Orman \u0130l M\u00fcd\u00fcr\u00fc\u00a0<strong>\u00d6zkan Parlak<\/strong>\u00a0ve \u0130l M\u00fcd\u00fcr Yard\u0131mc\u0131s\u0131\u00a0<strong>Mahmut Tat<\/strong>, t\u00f6rende yapt\u0131klar\u0131 konu\u015fmada Evrenkaya&#8217;n\u0131n toplumsal fark\u0131ndal\u0131k etkinliklerine g\u00f6sterdi\u011fi ilgiden duyduklar\u0131 memnuniyeti dile getirdi.<\/p>\n\n\n\n<figure class=\"wp-block-image size-large\"><img fetchpriority=\"high\" decoding=\"async\" width=\"1024\" height=\"678\" src=\"https:\/\/evrenkaya.com.tr\/wp-content\/uploads\/2026\/06\/evrenkaya-sosyal-sorumluluk-tesekkur-belgesi-1024x678.jpg\" alt=\"\" class=\"wp-image-2372\" srcset=\"https:\/\/evrenkaya.com.tr\/wp-content\/uploads\/2026\/06\/evrenkaya-sosyal-sorumluluk-tesekkur-belgesi-1024x678.jpg 1024w, https:\/\/evrenkaya.com.tr\/wp-content\/uploads\/2026\/06\/evrenkaya-sosyal-sorumluluk-tesekkur-belgesi-300x199.jpg 300w, https:\/\/evrenkaya.com.tr\/wp-content\/uploads\/2026\/06\/evrenkaya-sosyal-sorumluluk-tesekkur-belgesi-768x509.jpg 768w, https:\/\/evrenkaya.com.tr\/wp-content\/uploads\/2026\/06\/evrenkaya-sosyal-sorumluluk-tesekkur-belgesi-1536x1017.jpg 1536w, https:\/\/evrenkaya.com.tr\/wp-content\/uploads\/2026\/06\/evrenkaya-sosyal-sorumluluk-tesekkur-belgesi-18x12.jpg 18w, https:\/\/evrenkaya.com.tr\/wp-content\/uploads\/2026\/06\/evrenkaya-sosyal-sorumluluk-tesekkur-belgesi-570x377.jpg 570w, https:\/\/evrenkaya.com.tr\/wp-content\/uploads\/2026\/06\/evrenkaya-sosyal-sorumluluk-tesekkur-belgesi.jpg 1788w\" sizes=\"(max-width: 1024px) 100vw, 1024px\" \/><\/figure>\n\n\n\n<blockquote class=\"wp-block-quote is-layout-flow wp-block-quote-is-layout-flow\">\n<p class=\"wp-block-paragraph\">&#8220;Ba\u015far\u0131l\u0131 \u00e7al\u0131\u015fmalar\u0131n\u0131zla toplumsal sosyal fark\u0131ndal\u0131k etkinliklerinin devam\u0131n\u0131 dilerim.&#8221; \u2014 \u00d6zkan Parlak, Tar\u0131m ve Orman \u0130l M\u00fcd\u00fcr\u00fc<br><\/p>\n<\/blockquote>\n\n\n\n<h2 class=\"wp-block-heading\">Sosyal Sorumluluk Neden Tavuk\u00e7uluk Sekt\u00f6r\u00fcnde \u00d6nemli?<\/h2>\n\n\n\n<p class=\"wp-block-paragraph\">T\u00fcrkiye&#8217;de tavuk\u00e7uluk ve yumurta \u00fcretimi, g\u0131da g\u00fcvencesinin temel ta\u015flar\u0131ndan birini olu\u015fturuyor. Bu sekt\u00f6rde faaliyet g\u00f6steren i\u015fletmelerin yaln\u0131zca ekonomik de\u011fil; \u00e7evresel ve sosyal a\u00e7\u0131dan da s\u00fcrd\u00fcr\u00fclebilir bir \u00e7izgide ilerlemesi, hem kamu kurumlar\u0131 hem de t\u00fcketiciler taraf\u0131ndan yak\u0131ndan takip ediliyor.<\/p>\n\n\n\n<p class=\"wp-block-paragraph\">Evrenkaya G\u0131da&#8217;n\u0131n bu belgesi; sosyal sorumluluk projelerine destek veren bir g\u0131da \u00fcreticisinin, devlet kurumlar\u0131yla kurdu\u011fu g\u00fcven ili\u015fkisinin resmi bir yans\u0131mas\u0131 niteli\u011fi ta\u015f\u0131yor. Tar\u0131m ve Orman Bakanl\u0131\u011f\u0131&#8217;na ba\u011fl\u0131 il m\u00fcd\u00fcrl\u00fckleriyle kurulan bu t\u00fcr i\u015f birlikleri, sekt\u00f6r\u00fcn s\u00fcrd\u00fcr\u00fclebilir b\u00fcy\u00fcmesine de \u00f6nemli katk\u0131lar sa\u011fl\u0131yor.<\/p>\n\n\n\n<h2 class=\"wp-block-heading\">Evrenkaya Yumurta Kimdir?<\/h2>\n\n\n\n<p class=\"wp-block-paragraph\">Afyonkarahisar merkezli&nbsp;<strong>Evrenkaya G\u0131da ve Tavuk\u00e7uluk \u00dcr\u00fcnleri<\/strong>, b\u00f6lgenin en k\u00f6kl\u00fc yumurta \u00fcreticilerinden biri olarak modern \u00fcretim standartlar\u0131n\u0131 yerel deneyimle birle\u015ftiriyor. T\u00fcrkiye \u0130novasyon Haftas\u0131 kapsam\u0131nda ald\u0131\u011f\u0131 &#8220;Y\u0131l\u0131n En \u0130yi\u2026&#8221; \u00f6d\u00fcl\u00fcyle de kamuoyunda tan\u0131nan firma, kurumsal kimli\u011fini sosyal sorumluluk alan\u0131ndaki bu katk\u0131yla bir kez daha peki\u015ftirdi.<\/p>\n\n\n\n<h2 class=\"wp-block-heading\">Afyonkarahisar&#8217;da Tar\u0131m ve Hayvanc\u0131l\u0131\u011f\u0131n Gelece\u011fi<\/h2>\n\n\n\n<p class=\"wp-block-paragraph\">Afyonkarahisar, T\u00fcrkiye&#8217;nin tar\u0131m ve hayvanc\u0131l\u0131k potansiyeli en y\u00fcksek illerinden biri olma \u00f6zelli\u011fini korumaya devam ediyor. \u0130l Tar\u0131m ve Orman M\u00fcd\u00fcrl\u00fc\u011f\u00fc&#8217;n\u00fcn sosyal sorumluluk odakl\u0131 projeleri, b\u00f6lgedeki \u00fcreticileri toplumla bulu\u015fturan k\u00f6pr\u00fc i\u015flevi g\u00f6r\u00fcyor. Bu t\u00fcr i\u015fbirlikleri; yerel ekonomiye, g\u0131da g\u00fcvenli\u011fine ve fark\u0131ndal\u0131k k\u00fclt\u00fcr\u00fcne do\u011frudan katk\u0131 sa\u011fl\u0131yor.<\/p>\n\n\n\n<p class=\"wp-block-paragraph\">Evrenkaya Yumurta&#8217;n\u0131n ald\u0131\u011f\u0131 te\u015fekk\u00fcr belgesi, yaln\u0131zca bir \u015firketi de\u011fil; ayn\u0131 zamanda Afyonkarahisar&#8217;\u0131n \u00fcretim ve dayan\u0131\u015fma k\u00fclt\u00fcr\u00fcn\u00fc de onurland\u0131r\u0131yor.<\/p>","protected":false},"excerpt":{"rendered":"<p>Tar\u0131m ve hayvanc\u0131l\u0131k sekt\u00f6r\u00fcnde sosyal sorumluluk kavram\u0131, art\u0131k yaln\u0131zca \u00fcretim kalitesini de\u011fil; topluma katk\u0131y\u0131, kurumsal dayan\u0131\u015fmay\u0131 ve yerel de\u011ferlere sahip \u00e7\u0131kmay\u0131 da kaps\u0131yor. Afyonkarahisar&#8217;\u0131n k\u00f6kl\u00fc yumurta ve tavuk\u00e7uluk \u00fcreticilerinden\u00a0Evrenkaya Yumurta (Ya\u015far Tavuk\u00e7uluk Yem Ve \u0130n\u015faat San. Tic. Ltd. \u015eti.) bu anlay\u0131\u015f\u0131n somut bir \u00f6rne\u011fini ortaya koydu. Tar\u0131m \u0130l M\u00fcd\u00fcrl\u00fc\u011f\u00fc&#8217;nden Te\u015fekk\u00fcr Belgesi Afyonkarahisar Tar\u0131m ve Orman [&hellip;]<\/p>\n","protected":false},"author":1,"featured_media":2373,"comment_status":"closed","ping_status":"closed","sticky":false,"template":"","format":"standard","meta":{"footnotes":""},"categories":[74],"tags":[],"class_list":["post-2369","post","type-post","status-publish","format-standard","has-post-thumbnail","hentry","category-sosyal-sorumluluk"],"_links":{"self":[{"href":"https:\/\/evrenkaya.com.tr\/ru\/wp-json\/wp\/v2\/posts\/2369","targetHints":{"allow":["GET"]}}],"collection":[{"href":"https:\/\/evrenkaya.com.tr\/ru\/wp-json\/wp\/v2\/posts"}],"about":[{"href":"https:\/\/evrenkaya.com.tr\/ru\/wp-json\/wp\/v2\/types\/post"}],"author":[{"embeddable":true,"href":"https:\/\/evrenkaya.com.tr\/ru\/wp-json\/wp\/v2\/users\/1"}],"replies":[{"embeddable":true,"href":"https:\/\/evrenkaya.com.tr\/ru\/wp-json\/wp\/v2\/comments?post=2369"}],"version-history":[{"count":1,"href":"https:\/\/evrenkaya.com.tr\/ru\/wp-json\/wp\/v2\/posts\/2369\/revisions"}],"predecessor-version":[{"id":2374,"href":"https:\/\/evrenkaya.com.tr\/ru\/wp-json\/wp\/v2\/posts\/2369\/revisions\/2374"}],"wp:featuredmedia":[{"embeddable":true,"href":"https:\/\/evrenkaya.com.tr\/ru\/wp-json\/wp\/v2\/media\/2373"}],"wp:attachment":[{"href":"https:\/\/evrenkaya.com.tr\/ru\/wp-json\/wp\/v2\/media?parent=2369"}],"wp:term":[{"taxonomy":"category","embeddable":true,"href":"https:\/\/evrenkaya.com.tr\/ru\/wp-json\/wp\/v2\/categories?post=2369"},{"taxonomy":"post_tag","embeddable":true,"href":"https:\/\/evrenkaya.com.tr\/ru\/wp-json\/wp\/v2\/tags?post=2369"}],"curies":[{"name":"wp","href":"https:\/\/api.w.org\/{rel}","templated":true}]}}