{"id":2363,"date":"2026-05-06T21:50:04","date_gmt":"2026-05-06T21:50:04","guid":{"rendered":"https:\/\/evrenkaya.com.tr\/?p=2363"},"modified":"2026-05-07T09:15:48","modified_gmt":"2026-05-07T09:15:48","slug":"turkiye-yumurta-ihracati-evrenkaya","status":"publish","type":"post","link":"https:\/\/evrenkaya.com.tr\/ru\/turkiye-yumurta-ihracati-evrenkaya\/","title":{"rendered":"T\u00fcrkiye Yumurta \u0130hracat\u0131nda 2025&#8217;te 238 Milyon Dolar: Rakamlar ve Evrenkaya&#8217;n\u0131n Rol\u00fc"},"content":{"rendered":"<h4 class=\"wp-block-heading\">T\u00fcrkiye Yumurta \u0130hracat\u0131nda Yeni D\u00f6nem: Rakamlar, Pazarlar ve Evrenkaya&#8217;n\u0131n Rol\u00fc<\/h4>\n\n\n\n<p class=\"wp-block-paragraph\"><strong>T\u00fcrkiye yumurta ihracat\u0131<\/strong>, son y\u0131llarda k\u00fcresel \u00f6l\u00e7ekte dikkat \u00e7eken bir ivme kazand\u0131. Yurt i\u00e7inde y\u0131lda 21 milyar\u0131 a\u015fk\u0131n adet \u00fcretim ger\u00e7ekle\u015ftiren T\u00fcrkiye, art\u0131k d\u00fcnya yumurta ticaretinin vazge\u00e7ilmez bir akt\u00f6r\u00fc konumuna y\u00fckseldi. Ege \u0130hracat\u00e7\u0131 Birlikleri&#8217;nin yeni d\u00f6nemiyle birlikte bu ivmenin daha da g\u00fc\u00e7lenece\u011fi \u00f6ng\u00f6r\u00fcl\u00fcyor. Peki bu b\u00fcy\u00fck tabloda Afyonkarahisar ve Evrenkaya Yumurta nerede duruyor?<\/p>\n\n\n\n<hr class=\"wp-block-separator has-alpha-channel-opacity\"\/>\n\n\n\n<h5 class=\"wp-block-heading\">T\u00fcrkiye&#8217;nin Yumurta \u00dcretim G\u00fcc\u00fc<\/h5>\n\n\n\n<p class=\"wp-block-paragraph\">T\u00dc\u0130K verilerine g\u00f6re T\u00fcrkiye, 2020\u20132024 d\u00f6neminin be\u015f y\u0131l\u0131nda toplamda 100 milyar\u0131n \u00fczerinde yumurta \u00fcretti. 2023&#8217;te 20,6 milyar adede ula\u015fan \u00fcretim, 2024&#8217;te 21,2 milyar adede \u00e7\u0131karak yeni bir rekora imza att\u0131. <a href=\"https:\/\/www.aa.com.tr\/tr\/ekonomi\/sofralik-yumurta-ihracatina-yonelik-fon-kesintisi-sebepsiz-fiyat-artisini-onleyecek\/3492741\" target=\"_blank\" rel=\"noreferrer noopener\">AA.com.tr<\/a><\/p>\n\n\n\n<p class=\"wp-block-paragraph\">Bu \u00fcretim hacmi, g\u00fc\u00e7l\u00fc bir ihracat altyap\u0131s\u0131n\u0131n zeminini olu\u015fturuyor. Yumurta tavu\u011fu varl\u0131\u011f\u0131 bak\u0131m\u0131ndan Manisa ve Afyonkarahisar, T\u00fcrkiye&#8217;nin en \u00fcst s\u0131ralar\u0131nda yer al\u0131yor. Evrenkaya Yumurta&#8217;n\u0131n faaliyet merkezi Afyonkarahisar, yaln\u0131zca bir \u00fcretim noktas\u0131 de\u011fil; T\u00fcrkiye&#8217;nin ihracat kapasitesinin belkemi\u011fini olu\u015fturan iller aras\u0131nda.<\/p>\n\n\n\n<hr class=\"wp-block-separator has-alpha-channel-opacity\"\/>\n\n\n\n<h5 class=\"wp-block-heading\">\u0130hracat Rakamlar\u0131: Dalgalanmalar ve Yeni At\u0131l\u0131mlar<\/h5>\n\n\n\n<p class=\"wp-block-paragraph\">2024 y\u0131l\u0131nda T\u00fcrkiye yumurta ihracat\u0131 bir \u00f6nceki y\u0131la g\u00f6re y\u00fczde 2 oran\u0131nda geriledi. Bu d\u00f6nemdeki en b\u00fcy\u00fck al\u0131c\u0131, toplam ihracat\u0131n yakla\u015f\u0131k y\u00fczde 45,2&#8217;sini olu\u015fturan Birle\u015fik Arap Emirlikleri oldu. Irak, Katar, Rusya ve \u0130ran geleneksel pazarlar aras\u0131ndaki yerini korurken, yeni bir geli\u015fme sekt\u00f6r\u00fcn g\u00fcndemini de\u011fi\u015ftirdi.<\/p>\n\n\n\n<p class=\"wp-block-paragraph\">ABD&#8217;de 2022&#8217;den bu yana 166 milyondan fazla kanatl\u0131y\u0131 etkileyen ku\u015f gribi salg\u0131n\u0131, T\u00fcrk ihracat\u00e7\u0131lar i\u00e7in beklenmedik bir f\u0131rsat kap\u0131s\u0131 aralad\u0131. 2025 y\u0131l\u0131n\u0131n ilk sekiz ay\u0131nda T\u00fcrkiye, 46 farkl\u0131 \u00fclkeye 238 milyon dolarl\u0131k yumurta ihracat\u0131 ger\u00e7ekle\u015ftirdi. Bu d\u00f6nemde Irak 66 milyon dolarla birinci s\u0131ray\u0131 al\u0131rken, Rusya 45 milyon dolar, ABD ise 17 milyon dolarla \u00f6ne \u00e7\u0131kan pazarlar aras\u0131nda yer ald\u0131.<\/p>\n\n\n\n<p class=\"wp-block-paragraph\">ABD&#8217;ye yap\u0131lan ihracat tek ba\u015f\u0131na y\u00fczde 406 oran\u0131nda artarken, \u0130talya ba\u015fta olmak \u00fczere bir\u00e7ok AB \u00fclkesine de g\u00fc\u00e7l\u00fc bir giri\u015f yap\u0131ld\u0131. Ege Su \u00dcr\u00fcnleri ve Hayvansal Mamuller \u0130hracat\u00e7\u0131lar\u0131 Birli\u011fi Ba\u015fkan\u0131 Bedri Girit&#8217;in ifadesiyle: T\u00fcrk yumurtas\u0131n\u0131n kalitesi ve g\u00fcvenilirli\u011fi art\u0131k Avrupa sokaklar\u0131nda da kar\u015f\u0131l\u0131k buluyor.<\/p>\n\n\n\n<p class=\"wp-block-paragraph\"><strong>Bu olumlu tabloya paralel olarak 2026 y\u0131l\u0131nda ihracat ko\u015fullar\u0131 da geni\u015fletildi.<\/strong> Sirk\u00fcler 2025-512 kapsam\u0131nda y\u00fcr\u00fct\u00fclen kayda ba\u011fl\u0131 ihracat uygulamas\u0131nda yeni bir d\u00fczenlemeye gidilerek, daha \u00f6nce ayl\u0131k 1.000 ton olarak belirlenen ihracat hakk\u0131na ek olarak ayl\u0131k 5.000 ton ilave kota tahsis edildi. Nisan 2026 itibar\u0131yla y\u00fcr\u00fcrl\u00fc\u011fe giren bu d\u00fczenlemeyle mevcut haklar korunurken ihracat kapasitesi \u00f6nemli \u00f6l\u00e7\u00fcde geni\u015fledi. Tavuk yumurtalar\u0131na (GT\u0130P: 0407.21.00.00.00) ili\u015fkin kay\u0131t i\u015flemleri ise Orta Anadolu \u0130hracat\u00e7\u0131 Birlikleri Genel Sekreterli\u011fi koordinasyonunda y\u00fcr\u00fct\u00fclmeye devam ediyor.<\/p>\n\n\n\n<hr class=\"wp-block-separator has-alpha-channel-opacity\"\/>\n\n\n\n<h5 class=\"wp-block-heading\">Girdi Maliyetleri ve Sekt\u00f6r\u00fcn Direnci<\/h5>\n\n\n\n<p class=\"wp-block-paragraph\">Yumurta ihracat\u0131n\u0131n \u00f6n\u00fcndeki en \u00f6nemli yap\u0131sal sorun, girdi maliyetlerindeki art\u0131\u015flar\u0131n \u00fcretici fiyatlar\u0131 \u00fczerindeki bask\u0131s\u0131 olmaya devam ediyor. Yem hammadde fiyatlar\u0131, yumurta-m\u0131s\u0131r ve yumurta-soya paritelerini do\u011frudan etkiliyor. Bu bask\u0131ya ra\u011fmen T\u00fcrkiye&#8217;nin ihracat kapasitesi, entegre \u00fcretim yap\u0131s\u0131 sayesinde rakiplerine k\u0131yasla rekabet\u00e7i kalmay\u0131 ba\u015far\u0131yor.<\/p>\n\n\n\n<p class=\"wp-block-paragraph\">Evrenkaya Yumurta, bu denklemi kendi b\u00fcnyesinde \u00e7\u00f6zm\u00fc\u015f nadir \u00fcreticilerden biri. Kendi tesislerinde \u00fcretilen ve laboratuvar analizleriyle kontrol edilen g\u00fcnl\u00fck 230 ton yem, d\u0131\u015fa ba\u011f\u0131ml\u0131l\u0131\u011f\u0131 minimize ederken \u00fcr\u00fcn kalitesinin s\u00fcreklili\u011fini g\u00fcvence alt\u0131na al\u0131yor.<\/p>\n\n\n\n<figure class=\"wp-block-image size-large\"><img fetchpriority=\"high\" decoding=\"async\" width=\"1024\" height=\"640\" src=\"https:\/\/evrenkaya.com.tr\/wp-content\/uploads\/2026\/01\/3-1024x640.png\" alt=\"T\u00fcrkiye yumurta ihracat\u0131 - Evrenkaya Yumurta ihracat operasyonu\" class=\"wp-image-1933\" srcset=\"https:\/\/evrenkaya.com.tr\/wp-content\/uploads\/2026\/01\/3-1024x640.png 1024w, https:\/\/evrenkaya.com.tr\/wp-content\/uploads\/2026\/01\/3-300x188.png 300w, https:\/\/evrenkaya.com.tr\/wp-content\/uploads\/2026\/01\/3-768x480.png 768w, https:\/\/evrenkaya.com.tr\/wp-content\/uploads\/2026\/01\/3-1536x960.png 1536w, https:\/\/evrenkaya.com.tr\/wp-content\/uploads\/2026\/01\/3-570x356.png 570w, https:\/\/evrenkaya.com.tr\/wp-content\/uploads\/2026\/01\/3.png 1920w\" sizes=\"(max-width: 1024px) 100vw, 1024px\" \/><figcaption class=\"wp-element-caption\">T\u00fcrkiye yumurta ihracat\u0131 &#8211; Evrenkaya Yumurta ihracat operasyonu<\/figcaption><\/figure>\n\n\n\n<h5 class=\"wp-block-heading\">Ege \u0130hracat\u00e7\u0131 Birlikleri ve 2030 Vizyonu<\/h5>\n\n\n\n<p class=\"wp-block-paragraph\">Evrenkaya Yumurta olarak, <a href=\"https:\/\/evrenkaya.com.tr\/ru\/sektorde-guc-birligi-ege-ihracatci-birliklerinde-yeni-donem-ve-evrenkaya-yumurta\/\" target=\"_blank\" data-type=\"link\" data-id=\"https:\/\/evrenkaya.com.tr\/sektorde-guc-birligi-ege-ihracatci-birliklerinde-yeni-donem-ve-evrenkaya-yumurta\/\" rel=\"noreferrer noopener\">Nisan 2026<\/a>&#8216;da ger\u00e7ekle\u015fen Ege Su \u00dcr\u00fcnleri ve Hayvansal Mamuller \u0130hracat\u00e7\u0131lar\u0131 Birli\u011fi&#8217;nin se\u00e7imli genel kurulunu yak\u0131ndan takip ettik. Y\u00f6netim kurulumuz bu tarihi toplant\u0131ya bizzat kat\u0131larak, yeni d\u00f6nem ba\u015fkan\u0131 Ufuk Atakan Demir&#8217;e sekt\u00f6r\u00fc ad\u0131na tebriklerini iletti.<\/p>\n\n\n\n<p class=\"wp-block-paragraph\">Birli\u011fin 2030 y\u0131l\u0131 i\u00e7in hedefledi\u011fi 3 milyar dolarl\u0131k ihracat vizyonu, sekt\u00f6rdeki t\u00fcm \u00fcreticiler i\u00e7in b\u00fcy\u00fck bir motivasyon kayna\u011f\u0131 olmaya devam ediyor. <\/p>\n\n\n\n<p class=\"wp-block-paragraph\">T\u00fcrkiye&#8217;nin su \u00fcr\u00fcnleri ve hayvansal mamuller ihracat\u0131n\u0131n y\u00fczde 46&#8217;s\u0131n\u0131n Ege B\u00f6lgesi \u00fczerinden ger\u00e7ekle\u015fmesi, bu b\u00f6lgedeki \u00fcreticilerin omuzlad\u0131\u011f\u0131 sorumlulu\u011fun b\u00fcy\u00fckl\u00fc\u011f\u00fcn\u00fc g\u00f6zler \u00f6n\u00fcne seriyor. <\/p>\n\n\n\n<hr class=\"wp-block-separator has-alpha-channel-opacity\"\/>\n\n\n\n<h5 class=\"wp-block-heading\">Evrenkaya&#8217;n\u0131n \u0130hracat Sahnesindeki Yeri<\/h5>\n\n\n\n<p class=\"wp-block-paragraph\">Evrenkaya Yumurta; Afyonkarahisar&#8217;daki entegre \u00fcretim tesisleriyle, g\u00fcnl\u00fck 1.650.000 adetlik <a href=\"https:\/\/evrenkaya.com.tr\/ru\/tesislerimiz\/\" target=\"_blank\" data-type=\"link\" data-id=\"https:\/\/evrenkaya.com.tr\/tesislerimiz\/\" rel=\"noreferrer noopener\">\u00fcretim kapasitesiyle<\/a> ve kendi <a href=\"https:\/\/evrenkaya.com.tr\/ru\/surdurulebilirlilik\/\" target=\"_blank\" data-type=\"link\" data-id=\"https:\/\/evrenkaya.com.tr\/surdurulebilirlilik\/\" rel=\"noreferrer noopener\">g\u00fcne\u015f enerjisiyle<\/a> \u00e7al\u0131\u015fan s\u00fcrd\u00fcr\u00fclebilir altyap\u0131s\u0131yla bu tablonun merkezinde yer al\u0131yor.<\/p>\n\n\n\n<p class=\"wp-block-paragraph\">K\u00fcresel arz dengesizliklerinin h\u0131z kazand\u0131rd\u0131\u011f\u0131 ihracat s\u00fcrecinde T\u00fcrk yumurtas\u0131n\u0131n kalitesi ve g\u00fcvenilirli\u011fi uluslararas\u0131 arenada daha fazla \u00fclke taraf\u0131ndan tan\u0131n\u0131yor. Evrenkaya Yumurta olarak bu s\u00fcreci yaln\u0131zca bir pazar f\u0131rsat\u0131 de\u011fil; yerli \u00fcretimin g\u00fcc\u00fcn\u00fc d\u00fcnyaya kan\u0131tlama sorumlulu\u011fu olarak de\u011ferlendiriyoruz.<\/p>\n\n\n\n<p class=\"wp-block-paragraph\">Ege \u0130hracat\u00e7\u0131 Birlikleri&#8217;nin yeni d\u00f6nemiyle birlikte sekt\u00f6r\u00fcm\u00fcz\u00fcn k\u00fcresel vizyona bir ad\u0131m daha yakla\u015ft\u0131\u011f\u0131na inan\u0131yor; bu yolculukta aktif bir payda\u015f olmay\u0131 s\u00fcrd\u00fcr\u00fcyoruz.<\/p>","protected":false},"excerpt":{"rendered":"<p>T\u00fcrkiye Yumurta \u0130hracat\u0131nda Yeni D\u00f6nem: Rakamlar, Pazarlar ve Evrenkaya&#8217;n\u0131n Rol\u00fc T\u00fcrkiye yumurta ihracat\u0131, son y\u0131llarda k\u00fcresel \u00f6l\u00e7ekte dikkat \u00e7eken bir ivme kazand\u0131. Yurt i\u00e7inde y\u0131lda 21 milyar\u0131 a\u015fk\u0131n adet \u00fcretim ger\u00e7ekle\u015ftiren T\u00fcrkiye, art\u0131k d\u00fcnya yumurta ticaretinin vazge\u00e7ilmez bir akt\u00f6r\u00fc konumuna y\u00fckseldi. Ege \u0130hracat\u00e7\u0131 Birlikleri&#8217;nin yeni d\u00f6nemiyle birlikte bu ivmenin daha da g\u00fc\u00e7lenece\u011fi \u00f6ng\u00f6r\u00fcl\u00fcyor. Peki bu [&hellip;]<\/p>\n","protected":false},"author":1,"featured_media":2364,"comment_status":"closed","ping_status":"closed","sticky":false,"template":"","format":"standard","meta":{"footnotes":""},"categories":[64],"tags":[],"class_list":["post-2363","post","type-post","status-publish","format-standard","has-post-thumbnail","hentry","category-sektorel-haberler"],"_links":{"self":[{"href":"https:\/\/evrenkaya.com.tr\/ru\/wp-json\/wp\/v2\/posts\/2363","targetHints":{"allow":["GET"]}}],"collection":[{"href":"https:\/\/evrenkaya.com.tr\/ru\/wp-json\/wp\/v2\/posts"}],"about":[{"href":"https:\/\/evrenkaya.com.tr\/ru\/wp-json\/wp\/v2\/types\/post"}],"author":[{"embeddable":true,"href":"https:\/\/evrenkaya.com.tr\/ru\/wp-json\/wp\/v2\/users\/1"}],"replies":[{"embeddable":true,"href":"https:\/\/evrenkaya.com.tr\/ru\/wp-json\/wp\/v2\/comments?post=2363"}],"version-history":[{"count":2,"href":"https:\/\/evrenkaya.com.tr\/ru\/wp-json\/wp\/v2\/posts\/2363\/revisions"}],"predecessor-version":[{"id":2367,"href":"https:\/\/evrenkaya.com.tr\/ru\/wp-json\/wp\/v2\/posts\/2363\/revisions\/2367"}],"wp:featuredmedia":[{"embeddable":true,"href":"https:\/\/evrenkaya.com.tr\/ru\/wp-json\/wp\/v2\/media\/2364"}],"wp:attachment":[{"href":"https:\/\/evrenkaya.com.tr\/ru\/wp-json\/wp\/v2\/media?parent=2363"}],"wp:term":[{"taxonomy":"category","embeddable":true,"href":"https:\/\/evrenkaya.com.tr\/ru\/wp-json\/wp\/v2\/categories?post=2363"},{"taxonomy":"post_tag","embeddable":true,"href":"https:\/\/evrenkaya.com.tr\/ru\/wp-json\/wp\/v2\/tags?post=2363"}],"curies":[{"name":"wp","href":"https:\/\/api.w.org\/{rel}","templated":true}]}}